{"id":377,"date":"2012-08-27T15:41:13","date_gmt":"2012-08-27T15:41:13","guid":{"rendered":"http:\/\/www.isabel-llanos.com\/web\/?p=377"},"modified":"2013-01-29T21:46:02","modified_gmt":"2013-01-29T21:46:02","slug":"docudrama-sant-marti-sarroca","status":"publish","type":"post","link":"http:\/\/www.isabel-llanos.com\/web\/2012\/08\/docudrama-sant-marti-sarroca\/","title":{"rendered":"Docudrama Sant Mart\u00ed Sarroca"},"content":{"rendered":"<p><strong><a title=\"Docudrama\" href=\"http:\/\/www.youtube.com\/watch?v=vhZIVFTAJF8&amp;list=UUtBkUwnVgSQwK-jUK0-Fodg&amp;index=8&amp;feature=plcp\" target=\"_blank\">Ver \u00a0audiovisual \u00a0SANT MART\u00cd SARROCA<\/a><\/strong><\/p>\n<p>&nbsp;<\/p>\n<p><img decoding=\"async\" src=\"http:\/\/www.isabel-llanos.com\/web\/wp-content\/uploads\/2012\/08\/Sibila-1-300x200.jpg\" alt=\"Sibila 1\" \/>\u00a0\u00a0<img decoding=\"async\" src=\"http:\/\/www.isabel-llanos.com\/web\/wp-content\/uploads\/2012\/08\/Imagen-proyecci%C3%B3n-audiovisual-300x199.jpg\" alt=\"Imagen proyecci\u00f3n audiovisual\" \/>\u00a0\u00a0<img decoding=\"async\" src=\"http:\/\/www.isabel-llanos.com\/web\/wp-content\/uploads\/2012\/08\/Sibila-11-300x200.jpg\" alt=\"Sibila 11\" \/><\/p>\n<p>Rodado en los incomparables parajes del municipio de Sant Mart\u00ed Sarroca, relata la historia del castillo de la localidad a trav\u00e9s de la vida de la reina Sibil.la de Forti\u00e0. Desde el 14 de julio del 2012 se puede visionar en la exposici\u00f3n del conjunto monumental del castillo.<\/p>\n<p>Ha sido dirigido por Ramon Grau, autor tambi\u00e9n de \u00abReserva verda\u00bb y con un amplio historial a sus espaldas, entre otras obras, \u00abNissaga de poder\u00bb, \u00abBomba de relojer\u00eda\u00bb con Silvia Tortosa.<\/p>\n<p><strong>Ficha art\u00edstica:<\/strong><br \/>\nReina Sibil.la de Forti\u00e0: Isabel Llanos<br \/>\nRey Pedro III, el Ceremonioso: Joan Campabadal<br \/>\nBernat de Forti\u00e0: Ram\u00f3n Saumell<br \/>\nCriada: Montserrat Vega<br \/>\nCaballeros: Francisco L\u00f3pez, F\u00e8lix Atsara<\/p>\n<p>&nbsp;<\/p>\n<p><img decoding=\"async\" src=\"http:\/\/www.isabel-llanos.com\/web\/wp-content\/uploads\/2012\/08\/NUM-JULIO-2012-BOLETIN-SANT-MARTI-SARROCA-211x300.jpg\" alt=\"NUM JULIO 2012 BOLETIN SANT MARTI SARROCA\" \/>\u00a0\u00a0<img decoding=\"async\" src=\"http:\/\/www.isabel-llanos.com\/web\/wp-content\/uploads\/2012\/08\/SEMANARI-EL-3-DE-VUIT-28-OCT-2011-300x90.jpg\" alt=\"SEMANARI EL 3 DE VUIT 28 OCT 2011\" \/>\u00a0<img decoding=\"async\" src=\"http:\/\/www.isabel-llanos.com\/web\/wp-content\/uploads\/2012\/08\/LA-FURA-RESUMEN-PRENSA-NOV-2011-183x300.jpg\" alt=\"LA FURA RESUMEN PRENSA NOV 2011\" \/><\/p>\n","protected":false},"excerpt":{"rendered":"<p>Ver \u00a0audiovisual \u00a0SANT MART\u00cd SARROCA &nbsp; \u00a0\u00a0\u00a0\u00a0 Rodado en los incomparables parajes del municipio de Sant Mart\u00ed Sarroca, relata la historia del castillo de la localidad a trav\u00e9s de la<\/p>\n<p class=\"more-link\"><a href=\"http:\/\/www.isabel-llanos.com\/web\/2012\/08\/docudrama-sant-marti-sarroca\/\" class=\"readmore\">Seguir leyendo<span class=\"screen-reader-text\">Docudrama Sant Mart\u00ed Sarroca<\/span><\/a><\/p>\n","protected":false},"author":2,"featured_media":0,"comment_status":"open","ping_status":"open","sticky":false,"template":"","format":"standard","meta":{"footnotes":""},"categories":[8],"tags":[],"class_list":["post-377","post","type-post","status-publish","format-standard","hentry","category-docudrama"],"_links":{"self":[{"href":"http:\/\/www.isabel-llanos.com\/web\/wp-json\/wp\/v2\/posts\/377","targetHints":{"allow":["GET"]}}],"collection":[{"href":"http:\/\/www.isabel-llanos.com\/web\/wp-json\/wp\/v2\/posts"}],"about":[{"href":"http:\/\/www.isabel-llanos.com\/web\/wp-json\/wp\/v2\/types\/post"}],"author":[{"embeddable":true,"href":"http:\/\/www.isabel-llanos.com\/web\/wp-json\/wp\/v2\/users\/2"}],"replies":[{"embeddable":true,"href":"http:\/\/www.isabel-llanos.com\/web\/wp-json\/wp\/v2\/comments?post=377"}],"version-history":[{"count":5,"href":"http:\/\/www.isabel-llanos.com\/web\/wp-json\/wp\/v2\/posts\/377\/revisions"}],"predecessor-version":[{"id":381,"href":"http:\/\/www.isabel-llanos.com\/web\/wp-json\/wp\/v2\/posts\/377\/revisions\/381"}],"wp:attachment":[{"href":"http:\/\/www.isabel-llanos.com\/web\/wp-json\/wp\/v2\/media?parent=377"}],"wp:term":[{"taxonomy":"category","embeddable":true,"href":"http:\/\/www.isabel-llanos.com\/web\/wp-json\/wp\/v2\/categories?post=377"},{"taxonomy":"post_tag","embeddable":true,"href":"http:\/\/www.isabel-llanos.com\/web\/wp-json\/wp\/v2\/tags?post=377"}],"curies":[{"name":"wp","href":"https:\/\/api.w.org\/{rel}","templated":true}]}}