{"id":364,"date":"2012-08-27T13:50:52","date_gmt":"2012-08-27T13:50:52","guid":{"rendered":"http:\/\/www.isabel-llanos.com\/web\/?p=364"},"modified":"2012-08-27T13:50:52","modified_gmt":"2012-08-27T13:50:52","slug":"the-human-elevator","status":"publish","type":"post","link":"http:\/\/www.isabel-llanos.com\/web\/2012\/08\/the-human-elevator\/","title":{"rendered":"The human elevator"},"content":{"rendered":"<div id=\"watch-main\">\n<div id=\"watch-panel\">\n<div id=\"watch-info\">\n<div id=\"watch-description\" data-expander-action=\"yt.www.watch.watch5.handleToggleDescription\">\n<div id=\"watch-description-clip\">\n<div id=\"watch-description-text\">\n<p id=\"eow-description\"><a title=\"HUMAN ELEVATOR\" href=\"http:\/\/www.youtube.com\/watch?v=Eqb7Te-KWEg\" target=\"_blank\">Ver videoclip \u00a0HUMAN ELEVATOR<\/a><\/p>\n<p><img decoding=\"async\" src=\"http:\/\/www.isabel-llanos.com\/web\/wp-content\/uploads\/2012\/08\/Human-elevator-1-300x155.jpg\" alt=\"Human elevator 1\" \/>\u00a0\u00a0\u00a0<img decoding=\"async\" src=\"http:\/\/www.isabel-llanos.com\/web\/wp-content\/uploads\/2012\/08\/he-11-150x150.jpg\" alt=\"\" \/>\u00a0 \u00a0\u00a0<img decoding=\"async\" src=\"http:\/\/www.isabel-llanos.com\/web\/wp-content\/uploads\/2012\/08\/Human-elevator-5-300x157.jpg\" alt=\"Human elevator 5\" \/><\/p>\n<p>Rodado en julio del 2012, \u00abHuman elevator\u00bb es una muestra m\u00e1s del trabajo del genial director Alan Masferrer.<\/p>\n<p>EL GRUPO:<\/p>\n<p><img loading=\"lazy\" decoding=\"async\" src=\"http:\/\/www.budweiserlive.es\/uploads\/articles\/cheers.jpg\" alt=\"\" width=\"600\" height=\"400\" \/><\/p>\n<h6>Fotograf\u00eda y texto:\u00a0http:\/\/www.budweiserlive.es\/on-fire\/73\/the-cast-of-cheers-nacidos-para-arrasar<\/h6>\n<p style=\"text-align: justify;\">Ojo con estos cuatro chicos, porque son de aquellos que puede poner patas arriba cualquier escenariopor\u00a0el que pasen. Adem\u00e1s, su pop vitaminado y en\u00e9rgico, con reminiscencias a los mejores <strong>Bloc Party<\/strong> o <strong>Foals<\/strong>, es de aquellos que apetece escuchar en verano, porque invita a ser feliz, a desahogarse, a liberar cualquier tipo de tensi\u00f3n que se haya ido acumulando a lo largo del a\u00f1o.<\/p>\n<p style=\"text-align: justify;\">Es <em>Family<\/em>, el flamante primer disco de <strong>The Cast of Cheers<\/strong> (enorme referencia a la m\u00edtica serie de televisi\u00f3n <em>Cheers<\/em>), un m\u00e9todo perfecto para ello. Al lado de pildorazos esp\u00eddicos como \u2018<strong>Family<\/strong>\u2019 o \u2018<strong>Trucks At Night<\/strong>\u2019, los irlandeses tambi\u00e9n se desenvuelven fant\u00e1sticamente en temas m\u00e1s elaborados como \u2018<strong>Human Elevator<\/strong>\u2019 o \u2018<strong>Animals<\/strong>\u2019. Con todo, Family es un debut fugaz y fresco, repleto de fogosidad juvenil y con muchos n\u00fameros para conectar con el p\u00fablico. Si nada falla, arrasar\u00e1n.<\/p>\n<p><a title=\"https:\/\/www.thecastofcheers.com\" dir=\"ltr\" href=\"https:\/\/www.thecastofcheers.com\/\" rel=\"nofollow\" target=\"_blank\">https:\/\/www.thecastofcheers.com<\/a><\/p>\n<p>Ficha t\u00e9cnica:<\/p>\n<p>Direcci\u00f3n: Alan Masferrer (vimeo.com\/alanmasferrer)<\/p>\n<\/div>\n<\/div>\n<\/div>\n<\/div>\n<div id=\"watch-discussion\">\n<div id=\"comments-view\" data-type=\"everything\"><\/div>\n<\/div>\n<\/div>\n<\/div>\n<div><\/div>\n","protected":false},"excerpt":{"rendered":"<p>Ver videoclip \u00a0HUMAN ELEVATOR \u00a0\u00a0\u00a0\u00a0 \u00a0\u00a0 Rodado en julio del 2012, \u00abHuman elevator\u00bb es una muestra m\u00e1s del trabajo del genial director Alan Masferrer. EL GRUPO: Fotograf\u00eda y texto:\u00a0http:\/\/www.budweiserlive.es\/on-fire\/73\/the-cast-of-cheers-nacidos-para-arrasar Ojo<\/p>\n<p class=\"more-link\"><a href=\"http:\/\/www.isabel-llanos.com\/web\/2012\/08\/the-human-elevator\/\" class=\"readmore\">Seguir leyendo<span class=\"screen-reader-text\">The human elevator<\/span><\/a><\/p>\n","protected":false},"author":2,"featured_media":0,"comment_status":"open","ping_status":"open","sticky":false,"template":"","format":"standard","meta":{"footnotes":""},"categories":[6],"tags":[],"class_list":["post-364","post","type-post","status-publish","format-standard","hentry","category-videoclip"],"_links":{"self":[{"href":"http:\/\/www.isabel-llanos.com\/web\/wp-json\/wp\/v2\/posts\/364","targetHints":{"allow":["GET"]}}],"collection":[{"href":"http:\/\/www.isabel-llanos.com\/web\/wp-json\/wp\/v2\/posts"}],"about":[{"href":"http:\/\/www.isabel-llanos.com\/web\/wp-json\/wp\/v2\/types\/post"}],"author":[{"embeddable":true,"href":"http:\/\/www.isabel-llanos.com\/web\/wp-json\/wp\/v2\/users\/2"}],"replies":[{"embeddable":true,"href":"http:\/\/www.isabel-llanos.com\/web\/wp-json\/wp\/v2\/comments?post=364"}],"version-history":[{"count":2,"href":"http:\/\/www.isabel-llanos.com\/web\/wp-json\/wp\/v2\/posts\/364\/revisions"}],"predecessor-version":[{"id":373,"href":"http:\/\/www.isabel-llanos.com\/web\/wp-json\/wp\/v2\/posts\/364\/revisions\/373"}],"wp:attachment":[{"href":"http:\/\/www.isabel-llanos.com\/web\/wp-json\/wp\/v2\/media?parent=364"}],"wp:term":[{"taxonomy":"category","embeddable":true,"href":"http:\/\/www.isabel-llanos.com\/web\/wp-json\/wp\/v2\/categories?post=364"},{"taxonomy":"post_tag","embeddable":true,"href":"http:\/\/www.isabel-llanos.com\/web\/wp-json\/wp\/v2\/tags?post=364"}],"curies":[{"name":"wp","href":"https:\/\/api.w.org\/{rel}","templated":true}]}}