{"id":326,"date":"2011-03-18T22:42:24","date_gmt":"2011-03-18T22:42:24","guid":{"rendered":"http:\/\/www.isabel-llanos.com\/web\/?p=326"},"modified":"2012-08-21T21:30:34","modified_gmt":"2012-08-21T21:30:34","slug":"la-verbena-de-la-paloma","status":"publish","type":"post","link":"http:\/\/www.isabel-llanos.com\/web\/2011\/03\/la-verbena-de-la-paloma\/","title":{"rendered":"La verbena de la Paloma"},"content":{"rendered":"<p><img decoding=\"async\" src=\"http:\/\/www.isabel-llanos.com\/web\/wp-content\/uploads\/2012\/08\/CARTEL1-210x300.jpg\" alt=\"CARTEL\" \/>\u00a0 \u00a0<img decoding=\"async\" src=\"http:\/\/www.isabel-llanos.com\/web\/wp-content\/uploads\/2012\/08\/la-foto1-300x216.jpg\" alt=\"la foto(1)\" \/><\/p>\n<p style=\"text-align: justify;\">En febrero de 2011 con la Compa\u00f1\u00eda L\u00edrica Siglo XXI y bajo la direcci\u00f3n musical del Maestro Irastorza, interpreta el papel de \u00abTabernera\u00bb en la zarzuela \u00abLa verbena de la Paloma\u00bb en la temporada de Zarzuela del Teatro T\u00edvoli de Barcelona.<\/p>\n","protected":false},"excerpt":{"rendered":"<p>\u00a0 \u00a0 En febrero de 2011 con la Compa\u00f1\u00eda L\u00edrica Siglo XXI y bajo la direcci\u00f3n musical del Maestro Irastorza, interpreta el papel de \u00abTabernera\u00bb en la zarzuela \u00abLa verbena<\/p>\n<p class=\"more-link\"><a href=\"http:\/\/www.isabel-llanos.com\/web\/2011\/03\/la-verbena-de-la-paloma\/\" class=\"readmore\">Seguir leyendo<span class=\"screen-reader-text\">La verbena de la Paloma<\/span><\/a><\/p>\n","protected":false},"author":2,"featured_media":0,"comment_status":"open","ping_status":"open","sticky":false,"template":"","format":"standard","meta":{"footnotes":""},"categories":[7],"tags":[],"class_list":["post-326","post","type-post","status-publish","format-standard","hentry","category-teatro"],"_links":{"self":[{"href":"http:\/\/www.isabel-llanos.com\/web\/wp-json\/wp\/v2\/posts\/326","targetHints":{"allow":["GET"]}}],"collection":[{"href":"http:\/\/www.isabel-llanos.com\/web\/wp-json\/wp\/v2\/posts"}],"about":[{"href":"http:\/\/www.isabel-llanos.com\/web\/wp-json\/wp\/v2\/types\/post"}],"author":[{"embeddable":true,"href":"http:\/\/www.isabel-llanos.com\/web\/wp-json\/wp\/v2\/users\/2"}],"replies":[{"embeddable":true,"href":"http:\/\/www.isabel-llanos.com\/web\/wp-json\/wp\/v2\/comments?post=326"}],"version-history":[{"count":3,"href":"http:\/\/www.isabel-llanos.com\/web\/wp-json\/wp\/v2\/posts\/326\/revisions"}],"predecessor-version":[{"id":333,"href":"http:\/\/www.isabel-llanos.com\/web\/wp-json\/wp\/v2\/posts\/326\/revisions\/333"}],"wp:attachment":[{"href":"http:\/\/www.isabel-llanos.com\/web\/wp-json\/wp\/v2\/media?parent=326"}],"wp:term":[{"taxonomy":"category","embeddable":true,"href":"http:\/\/www.isabel-llanos.com\/web\/wp-json\/wp\/v2\/categories?post=326"},{"taxonomy":"post_tag","embeddable":true,"href":"http:\/\/www.isabel-llanos.com\/web\/wp-json\/wp\/v2\/tags?post=326"}],"curies":[{"name":"wp","href":"https:\/\/api.w.org\/{rel}","templated":true}]}}