{"id":293,"date":"2010-07-18T20:22:48","date_gmt":"2010-07-18T20:22:48","guid":{"rendered":"http:\/\/www.isabel-llanos.com\/web\/?p=293"},"modified":"2013-02-03T22:56:13","modified_gmt":"2013-02-03T22:56:13","slug":"el-premio","status":"publish","type":"post","link":"http:\/\/www.isabel-llanos.com\/web\/2010\/07\/el-premio\/","title":{"rendered":"El premio"},"content":{"rendered":"<p><strong><a title=\"TRAILER EL PREMIO\" href=\"http:\/\/vimeo.com\/15596597\">Ver \u00a0trailer \u00a0EL PREMIO<\/a>\u00a0<\/strong><\/p>\n<p><img decoding=\"async\" src=\"http:\/\/www.isabel-llanos.com\/web\/wp-content\/uploads\/2012\/08\/portada_18.jpg\" alt=\"portada_18\" \/>\u00a0 \u00a0<img decoding=\"async\" src=\"http:\/\/www.isabel-llanos.com\/web\/wp-content\/uploads\/2012\/08\/El-premio-1-150x150.jpg\" alt=\"\" \/>\u00a0\u00a0\u00a0 \u00a0<img decoding=\"async\" src=\"http:\/\/www.isabel-llanos.com\/web\/wp-content\/uploads\/2012\/08\/FOTOGRAMA_EL_PREMIO_1-150x150.jpg\" alt=\"\" \/><\/p>\n<p><em><br \/>\n<\/em><\/p>\n<p style=\"text-align: justify;\">Rodado en junio de 2010, el cortometraje se engloba dentro de la obra audiovisual que acompa\u00f1a la exposici\u00f3n \u00abEL D-EFECTO BARROCO.\u00a0Pol\u00edticas de la imagen hispana: un proyecto de investigaci\u00f3n sobre el mito barroco en el relato de lo hispano\u00bb, en\u00a0el Centro de Cultura Contempor\u00e1nea de Barcelona (CCCB), 2010-2011.<\/p>\n<p style=\"text-align: justify;\">La hispanidad ha simbolizado el marco com\u00fan y homog\u00e9neo entre Espa\u00f1a y Latinoam\u00e9rica. Pero, \u00bfqui\u00e9n ha construido este mito y qu\u00e9 estrategias se han generado para hacerlo perdurar a lo largo de los siglos cruzando multiplicidad de reg\u00edmenes, ideolog\u00edas y gobiernos?<\/p>\n<p style=\"text-align: justify;\">Esta exposici\u00f3n, comissariada por el escritor y comisario de arte Jorge Lu\u00eds Marzo y por la historiadora de arte y directora del Hangar, Tere Badia, quiere desgranar la relaci\u00f3n entre el mito hispano y su principal estrategia de supervivencia: el barroco. De entre las im\u00e1genes utilizadas en los pa\u00edses hispanos para construir y legitimar su identidad y su memoria, la barroca ha sido la m\u00e1s duradera, extendida e influyente, a menudo a costa de ignorar otras l\u00edneas argumentales igual de relevantes.<\/p>\n<p style=\"text-align: justify;\"><em>Sinopsis:<\/em><\/p>\n<p style=\"text-align: justify;\">ArtEspa\u00f1a 2010. En la ceremonia anual de entrega de premios del Ministerio de Cultura se re\u00fanen artistas, empresarios, funcionarios, actores y actrices, cr\u00edticos de arte. Durante el discurso de la ministra, diferentes relaciones de inter\u00e9s y dependencia se desvelan entre todos los personajes&#8230;<\/p>\n<p style=\"text-align: justify;\"><em>Ficha t\u00e9cnica:<\/em><\/p>\n<p style=\"text-align: justify;\">Director: David Blanco<br \/>\nGuionistas: David Blanco, Jorge Luis Marzo, Tere Bad\u00eda.<br \/>\nDirector de Fotograf\u00eda: Jos\u00e9 Luis Bernal Ib\u00e1\u00f1ez<br \/>\nProductor Ejecutivo: Kiko Moreno<br \/>\nDirector de Arte: Nacho Salvador<br \/>\nDirector de Sonido: Leticia Argudo, Jorge Flor<br \/>\nVestuario: Paloma Gutib\u00e1n<br \/>\nMaquillaje: Alana Gayet<br \/>\nLocalizaci\u00f3n y colaboraci\u00f3n: Hangar<br \/>\nProducci\u00f3n: CCCB \/ BATEA FILMS<\/p>\n<p style=\"text-align: justify;\"><img decoding=\"async\" src=\"http:\/\/www.isabel-llanos.com\/web\/wp-content\/uploads\/2012\/08\/PREMIO-23.bmp\" alt=\"\" \/><\/p>\n","protected":false},"excerpt":{"rendered":"<p>Ver \u00a0trailer \u00a0EL PREMIO\u00a0 \u00a0 \u00a0\u00a0\u00a0\u00a0 \u00a0 Rodado en junio de 2010, el cortometraje se engloba dentro de la obra audiovisual que acompa\u00f1a la exposici\u00f3n \u00abEL D-EFECTO BARROCO.\u00a0Pol\u00edticas de la<\/p>\n<p class=\"more-link\"><a href=\"http:\/\/www.isabel-llanos.com\/web\/2010\/07\/el-premio\/\" class=\"readmore\">Seguir leyendo<span class=\"screen-reader-text\">El premio<\/span><\/a><\/p>\n","protected":false},"author":2,"featured_media":0,"comment_status":"open","ping_status":"open","sticky":false,"template":"","format":"standard","meta":{"footnotes":""},"categories":[4],"tags":[],"class_list":["post-293","post","type-post","status-publish","format-standard","hentry","category-cortometraje"],"_links":{"self":[{"href":"http:\/\/www.isabel-llanos.com\/web\/wp-json\/wp\/v2\/posts\/293","targetHints":{"allow":["GET"]}}],"collection":[{"href":"http:\/\/www.isabel-llanos.com\/web\/wp-json\/wp\/v2\/posts"}],"about":[{"href":"http:\/\/www.isabel-llanos.com\/web\/wp-json\/wp\/v2\/types\/post"}],"author":[{"embeddable":true,"href":"http:\/\/www.isabel-llanos.com\/web\/wp-json\/wp\/v2\/users\/2"}],"replies":[{"embeddable":true,"href":"http:\/\/www.isabel-llanos.com\/web\/wp-json\/wp\/v2\/comments?post=293"}],"version-history":[{"count":8,"href":"http:\/\/www.isabel-llanos.com\/web\/wp-json\/wp\/v2\/posts\/293\/revisions"}],"predecessor-version":[{"id":300,"href":"http:\/\/www.isabel-llanos.com\/web\/wp-json\/wp\/v2\/posts\/293\/revisions\/300"}],"wp:attachment":[{"href":"http:\/\/www.isabel-llanos.com\/web\/wp-json\/wp\/v2\/media?parent=293"}],"wp:term":[{"taxonomy":"category","embeddable":true,"href":"http:\/\/www.isabel-llanos.com\/web\/wp-json\/wp\/v2\/categories?post=293"},{"taxonomy":"post_tag","embeddable":true,"href":"http:\/\/www.isabel-llanos.com\/web\/wp-json\/wp\/v2\/tags?post=293"}],"curies":[{"name":"wp","href":"https:\/\/api.w.org\/{rel}","templated":true}]}}