{"id":255,"date":"2010-07-17T16:50:49","date_gmt":"2010-07-17T16:50:49","guid":{"rendered":"http:\/\/www.isabel-llanos.com\/web\/?p=255"},"modified":"2013-02-03T22:52:03","modified_gmt":"2013-02-03T22:52:03","slug":"monteverde","status":"publish","type":"post","link":"http:\/\/www.isabel-llanos.com\/web\/2010\/07\/monteverde\/","title":{"rendered":"Monteverde"},"content":{"rendered":"<p style=\"text-align: justify;\"><a title=\"MONTEVERDE\" href=\"http:\/\/www.youtube.com\/watch?v=LrsVZnF-DQc\" target=\"_blank\"><strong><em>Ver \u00a0<\/em>MONTEVERDE<\/strong><\/a><em>\u00a0<\/em><\/p>\n<p style=\"text-align: justify;\"><img decoding=\"async\" src=\"http:\/\/www.isabel-llanos.com\/web\/wp-content\/uploads\/2012\/08\/T%C3%ADtulo-300x191.jpg\" alt=\"T\u00edtulo\" \/>\u00a0 <img decoding=\"async\" src=\"http:\/\/www.isabel-llanos.com\/web\/wp-content\/uploads\/2012\/08\/IMG_0973-300x225.jpg\" alt=\"IMG_0973\" \/><img decoding=\"async\" src=\"http:\/\/www.isabel-llanos.com\/web\/wp-content\/uploads\/2012\/08\/IMG_09861-225x300.jpg\" alt=\"IMG_0986\" \/><\/p>\n<p style=\"text-align: justify;\">Rodado en junio de 2010 en localizaciones de Sant Boi de Llobregat, el cortometraje dirigido por\u00a0S\u00e9bastien Pasche y producido El dedo en el ojo, destaca por un sutil uso del color y de la luz.<\/p>\n<p style=\"text-align: justify;\"><em>Sinopsis:<\/em><\/p>\n<p style=\"text-align: justify;\">Monteverde es un pueblo rural cuyos habitantes se identifican fuertemente con el espacio en el que conviven. Llevan una existencia marcada por un \u201ccaos arm\u00f3nico\u201d, es decir, un mundo desordenado en el que cada uno se siente en su lugar. Un d\u00eda, un arrogante escultor de la ciudad viene para inaugurar en la plaza central del pueblo una obra que pretende abrir la mente de los lugare\u00f1os. Est\u00e1 intrusi\u00f3n significa para ellos una amenaza de sus costumbres. El comportamiento de cada uno se ve fuertemente perturbado por la presencia de la obra. Entonces, alguien se decide a salvar el destino del pueblo.<\/p>\n<p style=\"text-align: justify;\"><em>Ficha art\u00edstica:\u00a0<\/em><\/p>\n<p style=\"text-align: justify;\"><strong>Octavio Octavio:<\/strong><strong>\u00a0<\/strong>Tony Corvillo<br \/>\n<strong>Manolo:<\/strong><strong>\u00a0<\/strong>Carlos L\u00f3pez Rodr\u00edguez<br \/>\n<strong>Leticia:<\/strong><strong>\u00a0<\/strong>Alicia Lorente Silva<br \/>\n<strong>Marcos:<\/strong>\u00a0Rafa Delacroix Nieto<br \/>\n<strong>La Hormiga:<\/strong><strong>\u00a0<\/strong>Jos\u00e9 Antonio Mar\u00edn Silva<br \/>\n<strong>Sra. Guti\u00e9rrez:<\/strong><strong>\u00a0<\/strong>Isabel Llanos<br \/>\n<strong>El ni\u00f1o:<\/strong><strong>\u00a0<\/strong>Noel Garrido Vendrell<br \/>\n<strong>La ni\u00f1a:<\/strong><strong>\u00a0<\/strong>Sira Garrido Vendrell<br \/>\n<strong>Don Ram\u00f3n:<\/strong><strong>\u00a0<\/strong>Txema Lorente<br \/>\n<strong>Gustavo:<\/strong><strong>\u00a0<\/strong>Alfons Vi\u00f1as<br \/>\n<strong>Fernando:<\/strong><strong>\u00a0<\/strong>Julio Garc\u00eda Ringuez<\/p>\n<p style=\"text-align: justify;\"><em>Ficha t\u00e9cnica:<\/em><\/p>\n<p style=\"text-align: justify;\"><strong>Direcci\u00f3n:<\/strong> S\u00e9bastien Pasche<br \/>\n<strong>Gui\u00f3n:<\/strong> S\u00e9bastien Pasche<br \/>\n<strong>Productora ejecutiva: <\/strong>Mar\u00eda Jos\u00e9 Garc\u00eda<br \/>\n<strong>Directores de producci\u00f3n: <\/strong>Bianca Rutigliano y Uriel Wisnia<br \/>\n<strong>Jefe de producci\u00f3n: <\/strong>Joan Anoro<br \/>\n<strong>Director de fotograf\u00eda: <\/strong>Jaume Devesa<br \/>\n<strong>Montaje: <\/strong>El\u00edas Huerta Z\u00famel<br \/>\n<strong>Direcci\u00f3n de arte: <\/strong>V\u00edctor Serna Garc\u00eda<\/p>\n<p style=\"text-align: justify;\"><strong>C\u00e1mara: <\/strong>16 mm<\/p>\n<p style=\"text-align: justify;\"><strong>Duraci\u00f3n:<\/strong> 6 minutos<\/p>\n","protected":false},"excerpt":{"rendered":"<p>Ver \u00a0MONTEVERDE\u00a0 \u00a0 Rodado en junio de 2010 en localizaciones de Sant Boi de Llobregat, el cortometraje dirigido por\u00a0S\u00e9bastien Pasche y producido El dedo en el ojo, destaca por un<\/p>\n<p class=\"more-link\"><a href=\"http:\/\/www.isabel-llanos.com\/web\/2010\/07\/monteverde\/\" class=\"readmore\">Seguir leyendo<span class=\"screen-reader-text\">Monteverde<\/span><\/a><\/p>\n","protected":false},"author":2,"featured_media":0,"comment_status":"open","ping_status":"open","sticky":false,"template":"","format":"standard","meta":{"footnotes":""},"categories":[4],"tags":[],"class_list":["post-255","post","type-post","status-publish","format-standard","hentry","category-cortometraje"],"_links":{"self":[{"href":"http:\/\/www.isabel-llanos.com\/web\/wp-json\/wp\/v2\/posts\/255","targetHints":{"allow":["GET"]}}],"collection":[{"href":"http:\/\/www.isabel-llanos.com\/web\/wp-json\/wp\/v2\/posts"}],"about":[{"href":"http:\/\/www.isabel-llanos.com\/web\/wp-json\/wp\/v2\/types\/post"}],"author":[{"embeddable":true,"href":"http:\/\/www.isabel-llanos.com\/web\/wp-json\/wp\/v2\/users\/2"}],"replies":[{"embeddable":true,"href":"http:\/\/www.isabel-llanos.com\/web\/wp-json\/wp\/v2\/comments?post=255"}],"version-history":[{"count":10,"href":"http:\/\/www.isabel-llanos.com\/web\/wp-json\/wp\/v2\/posts\/255\/revisions"}],"predecessor-version":[{"id":259,"href":"http:\/\/www.isabel-llanos.com\/web\/wp-json\/wp\/v2\/posts\/255\/revisions\/259"}],"wp:attachment":[{"href":"http:\/\/www.isabel-llanos.com\/web\/wp-json\/wp\/v2\/media?parent=255"}],"wp:term":[{"taxonomy":"category","embeddable":true,"href":"http:\/\/www.isabel-llanos.com\/web\/wp-json\/wp\/v2\/categories?post=255"},{"taxonomy":"post_tag","embeddable":true,"href":"http:\/\/www.isabel-llanos.com\/web\/wp-json\/wp\/v2\/tags?post=255"}],"curies":[{"name":"wp","href":"https:\/\/api.w.org\/{rel}","templated":true}]}}