{"id":138,"date":"2010-07-13T21:58:45","date_gmt":"2010-07-13T21:58:45","guid":{"rendered":"http:\/\/www.isabel-llanos.com\/web\/?p=138"},"modified":"2013-02-03T22:53:43","modified_gmt":"2013-02-03T22:53:43","slug":"noche-321mala-noche","status":"publish","type":"post","link":"http:\/\/www.isabel-llanos.com\/web\/2010\/07\/noche-321mala-noche\/","title":{"rendered":"NOCHE 321 &#8211; Bad Nigth"},"content":{"rendered":"<p>&nbsp;<\/p>\n<p><strong><a title=\"NOCHE 321\/BAD NIGTH\" href=\"http:\/\/www.youtube.com\/watch?v=2sjtyETWp8Y&amp;list=UUtBkUwnVgSQwK-jUK0-Fodg&amp;index=9&amp;feature=plcp\" target=\"_blank\"><em>Ver \u00a0<\/em>NOCHE 321\/BAD NIGTH<\/a><em> \u00a0<\/em><\/strong><\/p>\n<p><strong><img decoding=\"async\" src=\"http:\/\/www.isabel-llanos.com\/web\/wp-content\/uploads\/2012\/08\/CARTEL-NOCHE-321-150x150.jpg\" alt=\"\" \/>\u00a0 \u00a0 <img decoding=\"async\" src=\"http:\/\/www.isabel-llanos.com\/web\/wp-content\/uploads\/2012\/08\/REPARTO-150x150.jpg\" alt=\"REPARTO\" \/>\u00a0 \u00a0\u00a0<img decoding=\"async\" src=\"http:\/\/www.isabel-llanos.com\/web\/wp-content\/uploads\/2012\/08\/HIRE-3-150x150.jpg\" alt=\"HIRE 3\" \/>\u00a0 \u00a0\u00a0<img decoding=\"async\" src=\"http:\/\/www.isabel-llanos.com\/web\/wp-content\/uploads\/2012\/08\/HIRE-1-150x150.jpg\" alt=\"HIRE 1\" \/>\u00a0 \u00a0<img decoding=\"async\" src=\"http:\/\/www.isabel-llanos.com\/web\/wp-content\/uploads\/2012\/08\/Noche-fotog-1-150x150.jpg\" alt=\"\" \/><\/strong><\/p>\n<p style=\"text-align: justify;\">Entre marzo y mayo de 2010 se rod\u00f3 la segunda obra de\u00a0Sven A. O. Van Aken, en unas impresionantes localizaciones de las provincias de Barcelona y Girona. \u00abNoche 321\/Mala noche\u00bb se estren\u00f3 en junio del mismo a\u00f1o y est\u00e1 participando en distintos festivales nacionales e internacionales.<\/p>\n<p style=\"text-align: justify;\">Isabel Llanos interpreta a Nicole, manipuladora jefa del proyecto que da origen a la acci\u00f3n.<\/p>\n<p style=\"text-align: justify;\"><em>Sinopsis:<\/em> Han venido a la Tierra para estudiar el comportamiento humano mediante t\u00e9cnicas un tanto \u00abdeshumanizadas\u00bb. Acabar\u00e1n siendo v\u00edctimas de sus propios experimentos. La naturaleza del ser humano es todav\u00eda m\u00e1s instintiva y salvaje de lo que imaginaban.<\/p>\n<p style=\"text-align: justify;\"><em>Ver cortometraje:\u00a0<\/em><a title=\"Cortometraje Noche 321\/Bad nigth\" href=\"http:\/\/www.youtube.com\/watch?v=2sjtyETWp8Y&amp;list=UUtBkUwnVgSQwK-jUK0-Fodg&amp;index=9&amp;feature=plcp\" target=\"_blank\">http:\/\/www.youtube.com\/watch?v=2sjtyETWp8Y&amp;list=UUtBkUwnVgSQwK-jUK0-Fodg&amp;index=9&amp;feature=plcp<\/a><\/p>\n<p style=\"text-align: justify;\"><em>Ficha t\u00e9cnica:\u00a0<\/em><\/p>\n<p style=\"text-align: justify;\"><a title=\"http:\/\/www.imdb.com\/title\/tt1717179\/\" dir=\"ltr\" href=\"http:\/\/www.youtube.com\/redirect?q=http%3A%2F%2Fwww.imdb.com%2Ftitle%2Ftt1717179%2F&amp;session_token=0S2Bbtn1qZ4BVsWmPvKI0AUSygJ8MTM0NTI4ODQyNUAxMzQ1MjAyMDI1\" rel=\"nofollow\" target=\"_blank\" data-redirect-href-updated=\"true\">http:\/\/www.imdb.com\/title\/tt1717179\/<\/a><\/p>\n<p style=\"text-align: justify;\">Una pel\u00edcula de \/ a film by: \u00a0Sven Adriaen Ottes van Aken<\/p>\n<p style=\"text-align: justify;\">CON \/ WITH: \u00a0Javier Almeda, Pilar Alvarez, Miguel Andrino, Ximena Barbano, Mafer Blanco, Isabel Llanos, Xavi Ma\u00f1\u00e9, Gerard Martret, Laura Yuste \/\/\/<br \/>\nMusic: Kevin MacLeod, Queenie &amp; Hans Atom \/Makeup: Mia Shii, Makeup, second unit: Miryam Ti\u00f3 Molina \/ Camara: Andr\u00e9s de Juan, Ana\u00efs Ll\u00e1cer, Pep Xena, Alex Carbonell \/ Sound Mix: mtone \/ Costumes: Cristina Acosta \/ Still photography: Carol Estrada \/ Casting: Mi.xa.s. \/ Director of photography: saova \/ Production and script: Camila P\u00e9rez del Pulgar, second script: Miryam Isern \/\/\/<\/p>\n<p style=\"text-align: justify;\">Producido por \/ produced by: mosquitone films\u00a0<a title=\"MOSQUITONE FILMS\" href=\"http:\/\/www.mosquitone.com\/global\/\">http:\/\/www.mosquitone.com\/global\/<\/a><\/p>\n<p style=\"text-align: justify;\">\n","protected":false},"excerpt":{"rendered":"<p>&nbsp; Ver \u00a0NOCHE 321\/BAD NIGTH \u00a0 \u00a0 \u00a0 \u00a0 \u00a0\u00a0\u00a0 \u00a0\u00a0\u00a0 \u00a0 Entre marzo y mayo de 2010 se rod\u00f3 la segunda obra de\u00a0Sven A. O. Van Aken, en unas<\/p>\n<p class=\"more-link\"><a href=\"http:\/\/www.isabel-llanos.com\/web\/2010\/07\/noche-321mala-noche\/\" class=\"readmore\">Seguir leyendo<span class=\"screen-reader-text\">NOCHE 321 &#8211; Bad Nigth<\/span><\/a><\/p>\n","protected":false},"author":2,"featured_media":0,"comment_status":"open","ping_status":"open","sticky":false,"template":"","format":"standard","meta":{"footnotes":""},"categories":[4],"tags":[],"class_list":["post-138","post","type-post","status-publish","format-standard","hentry","category-cortometraje"],"_links":{"self":[{"href":"http:\/\/www.isabel-llanos.com\/web\/wp-json\/wp\/v2\/posts\/138","targetHints":{"allow":["GET"]}}],"collection":[{"href":"http:\/\/www.isabel-llanos.com\/web\/wp-json\/wp\/v2\/posts"}],"about":[{"href":"http:\/\/www.isabel-llanos.com\/web\/wp-json\/wp\/v2\/types\/post"}],"author":[{"embeddable":true,"href":"http:\/\/www.isabel-llanos.com\/web\/wp-json\/wp\/v2\/users\/2"}],"replies":[{"embeddable":true,"href":"http:\/\/www.isabel-llanos.com\/web\/wp-json\/wp\/v2\/comments?post=138"}],"version-history":[{"count":25,"href":"http:\/\/www.isabel-llanos.com\/web\/wp-json\/wp\/v2\/posts\/138\/revisions"}],"predecessor-version":[{"id":141,"href":"http:\/\/www.isabel-llanos.com\/web\/wp-json\/wp\/v2\/posts\/138\/revisions\/141"}],"wp:attachment":[{"href":"http:\/\/www.isabel-llanos.com\/web\/wp-json\/wp\/v2\/media?parent=138"}],"wp:term":[{"taxonomy":"category","embeddable":true,"href":"http:\/\/www.isabel-llanos.com\/web\/wp-json\/wp\/v2\/categories?post=138"},{"taxonomy":"post_tag","embeddable":true,"href":"http:\/\/www.isabel-llanos.com\/web\/wp-json\/wp\/v2\/tags?post=138"}],"curies":[{"name":"wp","href":"https:\/\/api.w.org\/{rel}","templated":true}]}}